{"id":1422,"date":"2022-05-22T19:22:56","date_gmt":"2022-05-22T17:22:56","guid":{"rendered":"https:\/\/davidbesnard.fr\/site\/?p=1422"},"modified":"2025-05-26T21:33:21","modified_gmt":"2025-05-26T19:33:21","slug":"la-lune-derriere-laiguille-du-midi","status":"publish","type":"post","link":"https:\/\/davidbesnard.fr\/site\/la-lune-derriere-laiguille-du-midi\/","title":{"rendered":"The Moon behind Aiguille du Midi"},"content":{"rendered":"\n<p class=\"has-text-align-left\">La lune ! Ah ce satellite terrestre qui est quotidiennement au dessus de notre t\u00eate. D&rsquo;ailleurs les montagnes sont elles aussi continuellement au dessus de nous. Il y a bien une photo \u00e0 faire avec la Lune et nos sommets me dis-je quelques temps en arri\u00e8re&#8230;<br>L&rsquo;int\u00e9grer dans mes photos serait une bonne id\u00e9e et changerait des photos prises en journ\u00e9e. Petit \u00e0 petit je m&rsquo;\u00e9quipe en mat\u00e9riel photo. r\u00e9cemment le beau cailloux Sigma 150-600mm Sport \u00e0 pris place dans mon sac \u00e0 dos. C&rsquo;est plut\u00f4t un bel outil pour la cadrer en gros plan sans trop de recadrage en post-traitement.<br><br>Pour l&rsquo;obtenir \u00e0 l&rsquo;endroit souhait\u00e9 j&rsquo;ai utilis\u00e9 une application smartphone. Indispensable pour ne pas courir partout toutes les nuits afin de s&rsquo;aligner avec la Lune. Le plus dur ? Veiller, ou se lever en pleine nuit pour r\u00e9aliser la photo. <br><br>Je suis content de pouvoir vous montrer cette photo, prise les hauteurs du centre ville de Chamonix. Elle vient magnifier la silhouette embl\u00e9matique de l&rsquo;Aiguille du midi, par sa blancheur de pleine Lune.<\/p>\n\n\n<div class=\"wp-block-image\">\n<figure class=\"aligncenter size-large\"><img data-recalc-dims=\"1\" loading=\"lazy\" decoding=\"async\" width=\"683\" height=\"1024\" src=\"https:\/\/i0.wp.com\/davidbesnard.fr\/site\/wp-content\/uploads\/2022\/05\/IMG_1035-2.jpg?resize=683%2C1024&#038;ssl=1\" alt=\"aiguille du midi\" class=\"wp-image-1423\" srcset=\"https:\/\/i0.wp.com\/davidbesnard.fr\/site\/wp-content\/uploads\/2022\/05\/IMG_1035-2-scaled.jpg?resize=683%2C1024&amp;ssl=1 683w, https:\/\/i0.wp.com\/davidbesnard.fr\/site\/wp-content\/uploads\/2022\/05\/IMG_1035-2-scaled.jpg?resize=200%2C300&amp;ssl=1 200w, https:\/\/i0.wp.com\/davidbesnard.fr\/site\/wp-content\/uploads\/2022\/05\/IMG_1035-2-scaled.jpg?resize=768%2C1152&amp;ssl=1 768w, https:\/\/i0.wp.com\/davidbesnard.fr\/site\/wp-content\/uploads\/2022\/05\/IMG_1035-2-scaled.jpg?resize=1024%2C1536&amp;ssl=1 1024w, https:\/\/i0.wp.com\/davidbesnard.fr\/site\/wp-content\/uploads\/2022\/05\/IMG_1035-2-scaled.jpg?resize=1365%2C2048&amp;ssl=1 1365w, https:\/\/i0.wp.com\/davidbesnard.fr\/site\/wp-content\/uploads\/2022\/05\/IMG_1035-2-scaled.jpg?resize=600%2C900&amp;ssl=1 600w, https:\/\/i0.wp.com\/davidbesnard.fr\/site\/wp-content\/uploads\/2022\/05\/IMG_1035-2-scaled.jpg?w=1707&amp;ssl=1 1707w\" sizes=\"auto, (max-width: 683px) 100vw, 683px\" \/><\/figure><\/div>\n\n\n<p><a href=\"https:\/\/www.chamonix.com\/\">https:\/\/www.chamonix.com\/<\/a><\/p>\n\n\n\n<figure class=\"wp-block-embed is-type-wp-embed is-provider-david-besnard wp-block-embed-david-besnard\"><div class=\"wp-block-embed__wrapper\">\n<blockquote class=\"wp-embedded-content\" data-secret=\"HSqj827KOI\"><a href=\"https:\/\/davidbesnard.fr\/site\/produit\/the-moon-behind-aiguille-du-midi\/\">The moon behind Aiguille du Midi<\/a><\/blockquote><iframe loading=\"lazy\" class=\"wp-embedded-content\" sandbox=\"allow-scripts\" security=\"restricted\" style=\"position: absolute; visibility: hidden;\" title=\"\u00ab\u00a0The moon behind Aiguille du Midi\u00a0\u00bb &#8212; David Besnard\" src=\"https:\/\/davidbesnard.fr\/site\/produit\/the-moon-behind-aiguille-du-midi\/embed\/#?secret=xWOdL7eV4i#?secret=HSqj827KOI\" data-secret=\"HSqj827KOI\" width=\"600\" height=\"338\" frameborder=\"0\" marginwidth=\"0\" marginheight=\"0\" scrolling=\"no\"><\/iframe>\n<\/div><figcaption class=\"wp-element-caption\"><a href=\"https:\/\/davidbesnard.fr\/site\/produit\/the-moon-behind-aiguille-du-midi\/\" target=\"_blank\" rel=\"noreferrer noopener\">https:\/\/davidbesnard.fr\/site\/produit\/the-moon-behind-aiguille-du-midi<\/a><\/figcaption><\/figure>\n","protected":false},"excerpt":{"rendered":"<p>La lune ! Ah ce satellite terrestre qui est quotidiennement au dessus de notre t\u00eate. D&rsquo;ailleurs les montagnes sont elles aussi continuellement au dessus de&hellip;<\/p>\n","protected":false},"author":1,"featured_media":1423,"comment_status":"closed","ping_status":"closed","sticky":false,"template":"","format":"standard","meta":{"_jetpack_memberships_contains_paid_content":false,"footnotes":""},"categories":[5],"tags":[149,86,34,90,26,157,151,37,38,29,152,32,140,49,150,88],"class_list":["post-1422","post","type-post","status-publish","format-standard","has-post-thumbnail","hentry","category-vie-nocturne","tag-aiguille","tag-aiguille-du-midi","tag-alpes","tag-canon","tag-chamonix","tag-lune","tag-massif-du-mont-blanc","tag-massif-mont-blanc","tag-mont-blanc","tag-montagne","tag-moon","tag-mountain","tag-naturelovers","tag-rhones-alpes","tag-sigma","tag-sommet","post-grid"],"yoast_head":"<!-- This site is optimized with the Yoast SEO Premium plugin v24.9 (Yoast SEO v26.2) - https:\/\/yoast.com\/wordpress\/plugins\/seo\/ -->\n<title>David Besnard - La Lune Derri\u00e8re l&#039;Aiguille Du Midi<\/title>\n<meta name=\"description\" content=\"Photo de la pleine lune derri\u00e8re l&#039;aiguille du midi \u00e0 Chamonix. Astrophoto de la lune dans le massif du mont blanc.\" \/>\n<meta name=\"robots\" content=\"index, follow, max-snippet:-1, max-image-preview:large, max-video-preview:-1\" \/>\n<link rel=\"canonical\" href=\"https:\/\/davidbesnard.fr\/site\/la-lune-derriere-laiguille-du-midi\/\" \/>\n<meta property=\"og:locale\" content=\"fr_FR\" \/>\n<meta property=\"og:type\" content=\"article\" \/>\n<meta property=\"og:title\" content=\"The Moon behind Aiguille du Midi\" \/>\n<meta property=\"og:description\" content=\"Photo de la pleine lune derri\u00e8re l&#039;aiguille du midi \u00e0 Chamonix. Astrophoto de la lune dans le massif du mont blanc.\" \/>\n<meta property=\"og:url\" content=\"https:\/\/davidbesnard.fr\/site\/la-lune-derriere-laiguille-du-midi\/\" \/>\n<meta property=\"og:site_name\" content=\"David Besnard\" \/>\n<meta property=\"article:published_time\" content=\"2022-05-22T17:22:56+00:00\" \/>\n<meta property=\"article:modified_time\" content=\"2025-05-26T19:33:21+00:00\" \/>\n<meta property=\"og:image\" content=\"https:\/\/davidbesnard.fr\/site\/wp-content\/uploads\/2022\/05\/IMG_1035-2-scaled.jpg\" \/>\n\t<meta property=\"og:image:width\" content=\"1707\" \/>\n\t<meta property=\"og:image:height\" content=\"2560\" \/>\n\t<meta property=\"og:image:type\" content=\"image\/jpeg\" \/>\n<meta name=\"author\" content=\"David Besnard\" \/>\n<meta name=\"twitter:card\" content=\"summary_large_image\" \/>\n<meta name=\"twitter:label1\" content=\"\u00c9crit par\" \/>\n\t<meta name=\"twitter:data1\" content=\"David Besnard\" \/>\n\t<meta name=\"twitter:label2\" content=\"Dur\u00e9e de lecture estim\u00e9e\" \/>\n\t<meta name=\"twitter:data2\" content=\"2 minutes\" \/>\n<script type=\"application\/ld+json\" class=\"yoast-schema-graph\">{\"@context\":\"https:\/\/schema.org\",\"@graph\":[{\"@type\":\"Article\",\"@id\":\"https:\/\/davidbesnard.fr\/site\/la-lune-derriere-laiguille-du-midi\/#article\",\"isPartOf\":{\"@id\":\"https:\/\/davidbesnard.fr\/site\/la-lune-derriere-laiguille-du-midi\/\"},\"author\":{\"name\":\"David Besnard\",\"@id\":\"https:\/\/davidbesnard.fr\/site\/#\/schema\/person\/a6e5e7ef010cfd191cf4da9f297efdcc\"},\"headline\":\"The Moon behind Aiguille du Midi\",\"datePublished\":\"2022-05-22T17:22:56+00:00\",\"dateModified\":\"2025-05-26T19:33:21+00:00\",\"mainEntityOfPage\":{\"@id\":\"https:\/\/davidbesnard.fr\/site\/la-lune-derriere-laiguille-du-midi\/\"},\"wordCount\":201,\"publisher\":{\"@id\":\"https:\/\/davidbesnard.fr\/site\/#organization\"},\"image\":{\"@id\":\"https:\/\/davidbesnard.fr\/site\/la-lune-derriere-laiguille-du-midi\/#primaryimage\"},\"thumbnailUrl\":\"https:\/\/i0.wp.com\/davidbesnard.fr\/site\/wp-content\/uploads\/2022\/05\/IMG_1035-2-scaled.jpg?fit=1707%2C2560&ssl=1\",\"keywords\":[\"aiguille\",\"aiguille du midi\",\"alpes\",\"canon\",\"chamonix\",\"lune\",\"massif du mont blanc\",\"massif mont blanc\",\"mont blanc\",\"montagne\",\"moon\",\"mountain\",\"naturelovers\",\"rhones alpes\",\"sigma\",\"sommet\"],\"articleSection\":[\"Vie nocturne\"],\"inLanguage\":\"fr-FR\"},{\"@type\":\"WebPage\",\"@id\":\"https:\/\/davidbesnard.fr\/site\/la-lune-derriere-laiguille-du-midi\/\",\"url\":\"https:\/\/davidbesnard.fr\/site\/la-lune-derriere-laiguille-du-midi\/\",\"name\":\"David Besnard - La Lune Derri\u00e8re l'Aiguille Du Midi\",\"isPartOf\":{\"@id\":\"https:\/\/davidbesnard.fr\/site\/#website\"},\"primaryImageOfPage\":{\"@id\":\"https:\/\/davidbesnard.fr\/site\/la-lune-derriere-laiguille-du-midi\/#primaryimage\"},\"image\":{\"@id\":\"https:\/\/davidbesnard.fr\/site\/la-lune-derriere-laiguille-du-midi\/#primaryimage\"},\"thumbnailUrl\":\"https:\/\/i0.wp.com\/davidbesnard.fr\/site\/wp-content\/uploads\/2022\/05\/IMG_1035-2-scaled.jpg?fit=1707%2C2560&ssl=1\",\"datePublished\":\"2022-05-22T17:22:56+00:00\",\"dateModified\":\"2025-05-26T19:33:21+00:00\",\"description\":\"Photo de la pleine lune derri\u00e8re l'aiguille du midi \u00e0 Chamonix. Astrophoto de la lune dans le massif du mont blanc.\",\"breadcrumb\":{\"@id\":\"https:\/\/davidbesnard.fr\/site\/la-lune-derriere-laiguille-du-midi\/#breadcrumb\"},\"inLanguage\":\"fr-FR\",\"potentialAction\":[{\"@type\":\"ReadAction\",\"target\":[\"https:\/\/davidbesnard.fr\/site\/la-lune-derriere-laiguille-du-midi\/\"]}]},{\"@type\":\"ImageObject\",\"inLanguage\":\"fr-FR\",\"@id\":\"https:\/\/davidbesnard.fr\/site\/la-lune-derriere-laiguille-du-midi\/#primaryimage\",\"url\":\"https:\/\/i0.wp.com\/davidbesnard.fr\/site\/wp-content\/uploads\/2022\/05\/IMG_1035-2-scaled.jpg?fit=1707%2C2560&ssl=1\",\"contentUrl\":\"https:\/\/i0.wp.com\/davidbesnard.fr\/site\/wp-content\/uploads\/2022\/05\/IMG_1035-2-scaled.jpg?fit=1707%2C2560&ssl=1\",\"width\":1707,\"height\":2560,\"caption\":\"Pleine lune la nuit derri\u00e8re l'aiguille du midi \u00e0 chamonix. Astrophotographie dans le massif du mont blanc.\"},{\"@type\":\"BreadcrumbList\",\"@id\":\"https:\/\/davidbesnard.fr\/site\/la-lune-derriere-laiguille-du-midi\/#breadcrumb\",\"itemListElement\":[{\"@type\":\"ListItem\",\"position\":1,\"name\":\"Accueil\",\"item\":\"https:\/\/davidbesnard.fr\/site\/\"},{\"@type\":\"ListItem\",\"position\":2,\"name\":\"The Moon behind Aiguille du Midi\"}]},{\"@type\":\"WebSite\",\"@id\":\"https:\/\/davidbesnard.fr\/site\/#website\",\"url\":\"https:\/\/davidbesnard.fr\/site\/\",\"name\":\"David Besnard\",\"description\":\"Photographe de montagne\",\"publisher\":{\"@id\":\"https:\/\/davidbesnard.fr\/site\/#organization\"},\"potentialAction\":[{\"@type\":\"SearchAction\",\"target\":{\"@type\":\"EntryPoint\",\"urlTemplate\":\"https:\/\/davidbesnard.fr\/site\/?s={search_term_string}\"},\"query-input\":{\"@type\":\"PropertyValueSpecification\",\"valueRequired\":true,\"valueName\":\"search_term_string\"}}],\"inLanguage\":\"fr-FR\"},{\"@type\":\"Organization\",\"@id\":\"https:\/\/davidbesnard.fr\/site\/#organization\",\"name\":\"Besnard David\",\"url\":\"https:\/\/davidbesnard.fr\/site\/\",\"logo\":{\"@type\":\"ImageObject\",\"inLanguage\":\"fr-FR\",\"@id\":\"https:\/\/davidbesnard.fr\/site\/#\/schema\/logo\/image\/\",\"url\":\"https:\/\/davidbesnard.fr\/site\/wp-content\/uploads\/2018\/09\/logo.png\",\"contentUrl\":\"https:\/\/davidbesnard.fr\/site\/wp-content\/uploads\/2018\/09\/logo.png\",\"width\":703,\"height\":528,\"caption\":\"Besnard David\"},\"image\":{\"@id\":\"https:\/\/davidbesnard.fr\/site\/#\/schema\/logo\/image\/\"},\"sameAs\":[\"https:\/\/www.instagram.com\/davidmontagne\/\"]},{\"@type\":\"Person\",\"@id\":\"https:\/\/davidbesnard.fr\/site\/#\/schema\/person\/a6e5e7ef010cfd191cf4da9f297efdcc\",\"name\":\"David Besnard\",\"image\":{\"@type\":\"ImageObject\",\"inLanguage\":\"fr-FR\",\"@id\":\"https:\/\/davidbesnard.fr\/site\/#\/schema\/person\/image\/\",\"url\":\"https:\/\/secure.gravatar.com\/avatar\/47086a39e28e770eaa813a08d8181105182f32618a9a9cd72b2ccb3215e7d012?s=96&d=mm&r=g\",\"contentUrl\":\"https:\/\/secure.gravatar.com\/avatar\/47086a39e28e770eaa813a08d8181105182f32618a9a9cd72b2ccb3215e7d012?s=96&d=mm&r=g\",\"caption\":\"David Besnard\"},\"sameAs\":[\"https:\/\/davidbesnard.fr\/site\/\",\"https:\/\/www.instagram.com\/davidmontagne\/\"]}]}<\/script>\n<!-- \/ Yoast SEO Premium plugin. -->","yoast_head_json":{"title":"David Besnard - La Lune Derri\u00e8re l'Aiguille Du Midi","description":"Photo de la pleine lune derri\u00e8re l'aiguille du midi \u00e0 Chamonix. Astrophoto de la lune dans le massif du mont blanc.","robots":{"index":"index","follow":"follow","max-snippet":"max-snippet:-1","max-image-preview":"max-image-preview:large","max-video-preview":"max-video-preview:-1"},"canonical":"https:\/\/davidbesnard.fr\/site\/la-lune-derriere-laiguille-du-midi\/","og_locale":"fr_FR","og_type":"article","og_title":"The Moon behind Aiguille du Midi","og_description":"Photo de la pleine lune derri\u00e8re l'aiguille du midi \u00e0 Chamonix. Astrophoto de la lune dans le massif du mont blanc.","og_url":"https:\/\/davidbesnard.fr\/site\/la-lune-derriere-laiguille-du-midi\/","og_site_name":"David Besnard","article_published_time":"2022-05-22T17:22:56+00:00","article_modified_time":"2025-05-26T19:33:21+00:00","og_image":[{"width":1707,"height":2560,"url":"https:\/\/davidbesnard.fr\/site\/wp-content\/uploads\/2022\/05\/IMG_1035-2-scaled.jpg","type":"image\/jpeg"}],"author":"David Besnard","twitter_card":"summary_large_image","twitter_misc":{"\u00c9crit par":"David Besnard","Dur\u00e9e de lecture estim\u00e9e":"2 minutes"},"schema":{"@context":"https:\/\/schema.org","@graph":[{"@type":"Article","@id":"https:\/\/davidbesnard.fr\/site\/la-lune-derriere-laiguille-du-midi\/#article","isPartOf":{"@id":"https:\/\/davidbesnard.fr\/site\/la-lune-derriere-laiguille-du-midi\/"},"author":{"name":"David Besnard","@id":"https:\/\/davidbesnard.fr\/site\/#\/schema\/person\/a6e5e7ef010cfd191cf4da9f297efdcc"},"headline":"The Moon behind Aiguille du Midi","datePublished":"2022-05-22T17:22:56+00:00","dateModified":"2025-05-26T19:33:21+00:00","mainEntityOfPage":{"@id":"https:\/\/davidbesnard.fr\/site\/la-lune-derriere-laiguille-du-midi\/"},"wordCount":201,"publisher":{"@id":"https:\/\/davidbesnard.fr\/site\/#organization"},"image":{"@id":"https:\/\/davidbesnard.fr\/site\/la-lune-derriere-laiguille-du-midi\/#primaryimage"},"thumbnailUrl":"https:\/\/i0.wp.com\/davidbesnard.fr\/site\/wp-content\/uploads\/2022\/05\/IMG_1035-2-scaled.jpg?fit=1707%2C2560&ssl=1","keywords":["aiguille","aiguille du midi","alpes","canon","chamonix","lune","massif du mont blanc","massif mont blanc","mont blanc","montagne","moon","mountain","naturelovers","rhones alpes","sigma","sommet"],"articleSection":["Vie nocturne"],"inLanguage":"fr-FR"},{"@type":"WebPage","@id":"https:\/\/davidbesnard.fr\/site\/la-lune-derriere-laiguille-du-midi\/","url":"https:\/\/davidbesnard.fr\/site\/la-lune-derriere-laiguille-du-midi\/","name":"David Besnard - La Lune Derri\u00e8re l'Aiguille Du Midi","isPartOf":{"@id":"https:\/\/davidbesnard.fr\/site\/#website"},"primaryImageOfPage":{"@id":"https:\/\/davidbesnard.fr\/site\/la-lune-derriere-laiguille-du-midi\/#primaryimage"},"image":{"@id":"https:\/\/davidbesnard.fr\/site\/la-lune-derriere-laiguille-du-midi\/#primaryimage"},"thumbnailUrl":"https:\/\/i0.wp.com\/davidbesnard.fr\/site\/wp-content\/uploads\/2022\/05\/IMG_1035-2-scaled.jpg?fit=1707%2C2560&ssl=1","datePublished":"2022-05-22T17:22:56+00:00","dateModified":"2025-05-26T19:33:21+00:00","description":"Photo de la pleine lune derri\u00e8re l'aiguille du midi \u00e0 Chamonix. Astrophoto de la lune dans le massif du mont blanc.","breadcrumb":{"@id":"https:\/\/davidbesnard.fr\/site\/la-lune-derriere-laiguille-du-midi\/#breadcrumb"},"inLanguage":"fr-FR","potentialAction":[{"@type":"ReadAction","target":["https:\/\/davidbesnard.fr\/site\/la-lune-derriere-laiguille-du-midi\/"]}]},{"@type":"ImageObject","inLanguage":"fr-FR","@id":"https:\/\/davidbesnard.fr\/site\/la-lune-derriere-laiguille-du-midi\/#primaryimage","url":"https:\/\/i0.wp.com\/davidbesnard.fr\/site\/wp-content\/uploads\/2022\/05\/IMG_1035-2-scaled.jpg?fit=1707%2C2560&ssl=1","contentUrl":"https:\/\/i0.wp.com\/davidbesnard.fr\/site\/wp-content\/uploads\/2022\/05\/IMG_1035-2-scaled.jpg?fit=1707%2C2560&ssl=1","width":1707,"height":2560,"caption":"Pleine lune la nuit derri\u00e8re l'aiguille du midi \u00e0 chamonix. Astrophotographie dans le massif du mont blanc."},{"@type":"BreadcrumbList","@id":"https:\/\/davidbesnard.fr\/site\/la-lune-derriere-laiguille-du-midi\/#breadcrumb","itemListElement":[{"@type":"ListItem","position":1,"name":"Accueil","item":"https:\/\/davidbesnard.fr\/site\/"},{"@type":"ListItem","position":2,"name":"The Moon behind Aiguille du Midi"}]},{"@type":"WebSite","@id":"https:\/\/davidbesnard.fr\/site\/#website","url":"https:\/\/davidbesnard.fr\/site\/","name":"David Besnard","description":"Photographe de montagne","publisher":{"@id":"https:\/\/davidbesnard.fr\/site\/#organization"},"potentialAction":[{"@type":"SearchAction","target":{"@type":"EntryPoint","urlTemplate":"https:\/\/davidbesnard.fr\/site\/?s={search_term_string}"},"query-input":{"@type":"PropertyValueSpecification","valueRequired":true,"valueName":"search_term_string"}}],"inLanguage":"fr-FR"},{"@type":"Organization","@id":"https:\/\/davidbesnard.fr\/site\/#organization","name":"Besnard David","url":"https:\/\/davidbesnard.fr\/site\/","logo":{"@type":"ImageObject","inLanguage":"fr-FR","@id":"https:\/\/davidbesnard.fr\/site\/#\/schema\/logo\/image\/","url":"https:\/\/davidbesnard.fr\/site\/wp-content\/uploads\/2018\/09\/logo.png","contentUrl":"https:\/\/davidbesnard.fr\/site\/wp-content\/uploads\/2018\/09\/logo.png","width":703,"height":528,"caption":"Besnard David"},"image":{"@id":"https:\/\/davidbesnard.fr\/site\/#\/schema\/logo\/image\/"},"sameAs":["https:\/\/www.instagram.com\/davidmontagne\/"]},{"@type":"Person","@id":"https:\/\/davidbesnard.fr\/site\/#\/schema\/person\/a6e5e7ef010cfd191cf4da9f297efdcc","name":"David Besnard","image":{"@type":"ImageObject","inLanguage":"fr-FR","@id":"https:\/\/davidbesnard.fr\/site\/#\/schema\/person\/image\/","url":"https:\/\/secure.gravatar.com\/avatar\/47086a39e28e770eaa813a08d8181105182f32618a9a9cd72b2ccb3215e7d012?s=96&d=mm&r=g","contentUrl":"https:\/\/secure.gravatar.com\/avatar\/47086a39e28e770eaa813a08d8181105182f32618a9a9cd72b2ccb3215e7d012?s=96&d=mm&r=g","caption":"David Besnard"},"sameAs":["https:\/\/davidbesnard.fr\/site\/","https:\/\/www.instagram.com\/davidmontagne\/"]}]}},"jetpack_featured_media_url":"https:\/\/i0.wp.com\/davidbesnard.fr\/site\/wp-content\/uploads\/2022\/05\/IMG_1035-2-scaled.jpg?fit=1707%2C2560&ssl=1","jetpack_sharing_enabled":true,"_links":{"self":[{"href":"https:\/\/davidbesnard.fr\/site\/wp-json\/wp\/v2\/posts\/1422","targetHints":{"allow":["GET"]}}],"collection":[{"href":"https:\/\/davidbesnard.fr\/site\/wp-json\/wp\/v2\/posts"}],"about":[{"href":"https:\/\/davidbesnard.fr\/site\/wp-json\/wp\/v2\/types\/post"}],"author":[{"embeddable":true,"href":"https:\/\/davidbesnard.fr\/site\/wp-json\/wp\/v2\/users\/1"}],"replies":[{"embeddable":true,"href":"https:\/\/davidbesnard.fr\/site\/wp-json\/wp\/v2\/comments?post=1422"}],"version-history":[{"count":12,"href":"https:\/\/davidbesnard.fr\/site\/wp-json\/wp\/v2\/posts\/1422\/revisions"}],"predecessor-version":[{"id":1894,"href":"https:\/\/davidbesnard.fr\/site\/wp-json\/wp\/v2\/posts\/1422\/revisions\/1894"}],"wp:featuredmedia":[{"embeddable":true,"href":"https:\/\/davidbesnard.fr\/site\/wp-json\/wp\/v2\/media\/1423"}],"wp:attachment":[{"href":"https:\/\/davidbesnard.fr\/site\/wp-json\/wp\/v2\/media?parent=1422"}],"wp:term":[{"taxonomy":"category","embeddable":true,"href":"https:\/\/davidbesnard.fr\/site\/wp-json\/wp\/v2\/categories?post=1422"},{"taxonomy":"post_tag","embeddable":true,"href":"https:\/\/davidbesnard.fr\/site\/wp-json\/wp\/v2\/tags?post=1422"}],"curies":[{"name":"wp","href":"https:\/\/api.w.org\/{rel}","templated":true}]}}